{"id":94071,"date":"2023-01-18T10:52:20","date_gmt":"2023-01-18T10:52:20","guid":{"rendered":"https:\/\/www.zanshin-dojo.de\/?p=94071"},"modified":"2023-01-18T10:53:59","modified_gmt":"2023-01-18T10:53:59","slug":"wim-deputter-seminar-2023-fotos","status":"publish","type":"post","link":"https:\/\/www.zanshin-dojo.de\/en\/news\/wim-deputter-seminar-2023-fotos\/","title":{"rendered":"Wim Deputter Seminar 2023 &#8211; Fotos"},"content":{"rendered":"<div class=\"wpb-content-wrapper\"><div data-parent=\"true\" class=\"vc_row row-container\" id=\"row-unique-0\"><div class=\"row limit-width row-parent\"><div class=\"wpb_row row-inner\"><div class=\"wpb_column pos-top pos-center align_left column_parent col-lg-12 single-internal-gutter\"><div class=\"uncol style-light\"  ><div class=\"uncoltable\"><div class=\"uncell no-block-padding\" ><div class=\"uncont\" ><div class=\"uncode_text_column\" ><p>Wir hatten zwei tolle Workshops am vergangenen Wochenende mit dem belgischen Brazilian Jiu-Jitsu Black belt und erfahrenem Wettk\u00e4mpfer Wim Deputter. Vielen Dank an Derik f\u00fcr die super Fotos, die w\u00e4hrend des Seminares entstanden sind.<\/p>\n<\/div><span class=\"btn-container\" ><a role=\"button\"  href=\"https:\/\/drive.google.com\/drive\/folders\/1537UZf07Sjr95arFCA295ClXd_r5DBdd?usp=share_link\" class=\"custom-link btn border-width-0 btn-color-182181 btn-icon-left\">Zur Bildergallerie<\/a><\/span><div class=\"uncode-single-media  text-left\"><div class=\"single-wrapper\" style=\"max-width: 100%;\"><div class=\"tmb tmb-light  tmb-media-first tmb-media-last tmb-content-overlay tmb-no-bg\"><div class=\"t-inside\"><div class=\"t-entry-visual\"><div class=\"t-entry-visual-tc\"><div class=\"uncode-single-media-wrapper\"><img decoding=\"async\" class=\"wp-image-94072\" src=\"https:\/\/www.zanshin-dojo.de\/wp-content\/uploads\/2023\/01\/DSCF7243-scaled.jpg\" width=\"2560\" height=\"1440\" alt=\"\" srcset=\"https:\/\/www.zanshin-dojo.de\/wp-content\/uploads\/2023\/01\/DSCF7243-scaled.jpg 2560w, https:\/\/www.zanshin-dojo.de\/wp-content\/uploads\/2023\/01\/DSCF7243-300x169.jpg 300w, https:\/\/www.zanshin-dojo.de\/wp-content\/uploads\/2023\/01\/DSCF7243-1024x576.jpg 1024w, https:\/\/www.zanshin-dojo.de\/wp-content\/uploads\/2023\/01\/DSCF7243-768x432.jpg 768w, https:\/\/www.zanshin-dojo.de\/wp-content\/uploads\/2023\/01\/DSCF7243-1536x864.jpg 1536w, https:\/\/www.zanshin-dojo.de\/wp-content\/uploads\/2023\/01\/DSCF7243-2048x1152.jpg 2048w, https:\/\/www.zanshin-dojo.de\/wp-content\/uploads\/2023\/01\/DSCF7243-18x10.jpg 18w\" sizes=\"(max-width: 2560px) 100vw, 2560px\" \/><\/div>\n\t\t\t\t\t<\/div>\n\t\t\t\t<\/div><\/div><\/div><\/div><\/div><\/div><\/div><\/div><\/div><\/div><script id=\"script-row-unique-0\" data-row=\"script-row-unique-0\" type=\"text\/javascript\" class=\"vc_controls\">UNCODE.initRow(document.getElementById(\"row-unique-0\"));<\/script><\/div><\/div><\/div>\n<\/div>","protected":false},"excerpt":{"rendered":"Wir hatten zwei tolle Workshops am vergangenen Wochenende mit dem belgischen Brazilian Jiu-Jitsu Black belt und erfahrenem Wettk\u00e4mpfer Wim Deputter. [...]","protected":false},"author":3,"featured_media":94072,"comment_status":"closed","ping_status":"closed","sticky":false,"template":"","format":"standard","meta":{"footnotes":""},"categories":[128],"tags":[],"class_list":["post-94071","post","type-post","status-publish","format-standard","has-post-thumbnail","hentry","category-news"],"_links":{"self":[{"href":"https:\/\/www.zanshin-dojo.de\/en\/wp-json\/wp\/v2\/posts\/94071","targetHints":{"allow":["GET"]}}],"collection":[{"href":"https:\/\/www.zanshin-dojo.de\/en\/wp-json\/wp\/v2\/posts"}],"about":[{"href":"https:\/\/www.zanshin-dojo.de\/en\/wp-json\/wp\/v2\/types\/post"}],"author":[{"embeddable":true,"href":"https:\/\/www.zanshin-dojo.de\/en\/wp-json\/wp\/v2\/users\/3"}],"replies":[{"embeddable":true,"href":"https:\/\/www.zanshin-dojo.de\/en\/wp-json\/wp\/v2\/comments?post=94071"}],"version-history":[{"count":4,"href":"https:\/\/www.zanshin-dojo.de\/en\/wp-json\/wp\/v2\/posts\/94071\/revisions"}],"predecessor-version":[{"id":94076,"href":"https:\/\/www.zanshin-dojo.de\/en\/wp-json\/wp\/v2\/posts\/94071\/revisions\/94076"}],"wp:featuredmedia":[{"embeddable":true,"href":"https:\/\/www.zanshin-dojo.de\/en\/wp-json\/wp\/v2\/media\/94072"}],"wp:attachment":[{"href":"https:\/\/www.zanshin-dojo.de\/en\/wp-json\/wp\/v2\/media?parent=94071"}],"wp:term":[{"taxonomy":"category","embeddable":true,"href":"https:\/\/www.zanshin-dojo.de\/en\/wp-json\/wp\/v2\/categories?post=94071"},{"taxonomy":"post_tag","embeddable":true,"href":"https:\/\/www.zanshin-dojo.de\/en\/wp-json\/wp\/v2\/tags?post=94071"}],"curies":[{"name":"wp","href":"https:\/\/api.w.org\/{rel}","templated":true}]}}